{"id":719,"date":"2013-04-28T09:31:00","date_gmt":"2013-04-28T09:31:00","guid":{"rendered":"https:\/\/suvremene-teme.vern.hr\/?p=719"},"modified":"2026-04-24T08:19:20","modified_gmt":"2026-04-24T08:19:20","slug":"4-emes-ova-medunarodna-istrazivacka-konferencija-o-socijalnim-poduzecima-ako-ne-za-profit-za-sto-i-kako","status":"publish","type":"post","link":"https:\/\/suvremene-teme.vern.hr\/en\/4-emes-ova-medunarodna-istrazivacka-konferencija-o-socijalnim-poduzecima-ako-ne-za-profit-za-sto-i-kako\/","title":{"rendered":"4. EMES-ova me\u0111unarodna istra\u017eiva\u010dka konferencija o socijalnim poduze\u0107ima: ako ne za profit, za \u0161to? i kako?"},"content":{"rendered":"<div class=\"wp-block-file\"><a id=\"wp-block-file--media-a40b59f7-b243-4384-bca0-0106d74ab1f3\" href=\"https:\/\/suvremene-teme.vern.hr\/wp-content\/uploads\/2022\/04\/6_Vidovic_ST_2013.pdf\">Full article<\/a><a href=\"https:\/\/suvremene-teme.vern.hr\/wp-content\/uploads\/2022\/04\/6_Vidovic_ST_2013.pdf\" class=\"wp-block-file__button\" download aria-describedby=\"wp-block-file--media-a40b59f7-b243-4384-bca0-0106d74ab1f3\">Download<\/a><\/div>","protected":false},"excerpt":{"rendered":"","protected":false},"author":6,"featured_media":0,"comment_status":"open","ping_status":"open","sticky":false,"template":"","format":"standard","meta":{"_kad_post_transparent":"","_kad_post_title":"","_kad_post_layout":"","_kad_post_sidebar_id":"","_kad_post_content_style":"","_kad_post_vertical_padding":"","_kad_post_feature":"","_kad_post_feature_position":"","_kad_post_header":false,"_kad_post_footer":false,"_kad_post_classname":"","footnotes":""},"categories":[18],"tags":[356,219],"coauthors":[357],"class_list":["post-719","post","type-post","status-publish","format-standard","hentry","category-18","tag-socijalna-poduzeca","tag-socijalno-poduzetnistvo"],"_links":{"self":[{"href":"https:\/\/suvremene-teme.vern.hr\/en\/wp-json\/wp\/v2\/posts\/719","targetHints":{"allow":["GET"]}}],"collection":[{"href":"https:\/\/suvremene-teme.vern.hr\/en\/wp-json\/wp\/v2\/posts"}],"about":[{"href":"https:\/\/suvremene-teme.vern.hr\/en\/wp-json\/wp\/v2\/types\/post"}],"author":[{"embeddable":true,"href":"https:\/\/suvremene-teme.vern.hr\/en\/wp-json\/wp\/v2\/users\/6"}],"replies":[{"embeddable":true,"href":"https:\/\/suvremene-teme.vern.hr\/en\/wp-json\/wp\/v2\/comments?post=719"}],"version-history":[{"count":1,"href":"https:\/\/suvremene-teme.vern.hr\/en\/wp-json\/wp\/v2\/posts\/719\/revisions"}],"predecessor-version":[{"id":722,"href":"https:\/\/suvremene-teme.vern.hr\/en\/wp-json\/wp\/v2\/posts\/719\/revisions\/722"}],"wp:attachment":[{"href":"https:\/\/suvremene-teme.vern.hr\/en\/wp-json\/wp\/v2\/media?parent=719"}],"wp:term":[{"taxonomy":"category","embeddable":true,"href":"https:\/\/suvremene-teme.vern.hr\/en\/wp-json\/wp\/v2\/categories?post=719"},{"taxonomy":"post_tag","embeddable":true,"href":"https:\/\/suvremene-teme.vern.hr\/en\/wp-json\/wp\/v2\/tags?post=719"},{"taxonomy":"author","embeddable":true,"href":"https:\/\/suvremene-teme.vern.hr\/en\/wp-json\/wp\/v2\/coauthors?post=719"}],"curies":[{"name":"wp","href":"https:\/\/api.w.org\/{rel}","templated":true}]}}