{"id":715,"date":"2013-04-28T09:28:00","date_gmt":"2013-04-28T09:28:00","guid":{"rendered":"https:\/\/suvremene-teme.vern.hr\/?p=715"},"modified":"2026-04-24T08:19:26","modified_gmt":"2026-04-24T08:19:26","slug":"jasna-plevnik-stjepan-mesic-i-ljubo-jurcic-kina-na-balkanu","status":"publish","type":"post","link":"https:\/\/suvremene-teme.vern.hr\/en\/jasna-plevnik-stjepan-mesic-i-ljubo-jurcic-kina-na-balkanu\/","title":{"rendered":"Jasna Plevnik, Stjepan Mesi\u0107 i Ljubo Jur\u010di\u0107: Kina na Balkanu"},"content":{"rendered":"<div class=\"wp-block-file\"><a id=\"wp-block-file--media-e475f7f6-de24-4f6c-a7a4-8dde6a3110cb\" href=\"https:\/\/suvremene-teme.vern.hr\/wp-content\/uploads\/2022\/04\/7_Zguric_ST_2013.pdf\">Full article<\/a><a href=\"https:\/\/suvremene-teme.vern.hr\/wp-content\/uploads\/2022\/04\/7_Zguric_ST_2013.pdf\" class=\"wp-block-file__button\" download aria-describedby=\"wp-block-file--media-e475f7f6-de24-4f6c-a7a4-8dde6a3110cb\">Download<\/a><\/div>","protected":false},"excerpt":{"rendered":"","protected":false},"author":6,"featured_media":0,"comment_status":"open","ping_status":"open","sticky":false,"template":"","format":"standard","meta":{"_kad_post_transparent":"","_kad_post_title":"","_kad_post_layout":"","_kad_post_sidebar_id":"","_kad_post_content_style":"","_kad_post_vertical_padding":"","_kad_post_feature":"","_kad_post_feature_position":"","_kad_post_header":false,"_kad_post_footer":false,"_kad_post_classname":"","footnotes":""},"categories":[18],"tags":[355,354],"coauthors":[255],"class_list":["post-715","post","type-post","status-publish","format-standard","hentry","category-18","tag-balkan","tag-kina"],"_links":{"self":[{"href":"https:\/\/suvremene-teme.vern.hr\/en\/wp-json\/wp\/v2\/posts\/715","targetHints":{"allow":["GET"]}}],"collection":[{"href":"https:\/\/suvremene-teme.vern.hr\/en\/wp-json\/wp\/v2\/posts"}],"about":[{"href":"https:\/\/suvremene-teme.vern.hr\/en\/wp-json\/wp\/v2\/types\/post"}],"author":[{"embeddable":true,"href":"https:\/\/suvremene-teme.vern.hr\/en\/wp-json\/wp\/v2\/users\/6"}],"replies":[{"embeddable":true,"href":"https:\/\/suvremene-teme.vern.hr\/en\/wp-json\/wp\/v2\/comments?post=715"}],"version-history":[{"count":1,"href":"https:\/\/suvremene-teme.vern.hr\/en\/wp-json\/wp\/v2\/posts\/715\/revisions"}],"predecessor-version":[{"id":718,"href":"https:\/\/suvremene-teme.vern.hr\/en\/wp-json\/wp\/v2\/posts\/715\/revisions\/718"}],"wp:attachment":[{"href":"https:\/\/suvremene-teme.vern.hr\/en\/wp-json\/wp\/v2\/media?parent=715"}],"wp:term":[{"taxonomy":"category","embeddable":true,"href":"https:\/\/suvremene-teme.vern.hr\/en\/wp-json\/wp\/v2\/categories?post=715"},{"taxonomy":"post_tag","embeddable":true,"href":"https:\/\/suvremene-teme.vern.hr\/en\/wp-json\/wp\/v2\/tags?post=715"},{"taxonomy":"author","embeddable":true,"href":"https:\/\/suvremene-teme.vern.hr\/en\/wp-json\/wp\/v2\/coauthors?post=715"}],"curies":[{"name":"wp","href":"https:\/\/api.w.org\/{rel}","templated":true}]}}