{"id":1397,"date":"2024-12-19T11:16:52","date_gmt":"2024-12-19T11:16:52","guid":{"rendered":"https:\/\/suvremene-teme.vern.hr\/?p=1397"},"modified":"2025-01-21T11:08:36","modified_gmt":"2025-01-21T11:08:36","slug":"koristenje-drustvenih-mreza-u-hrvatskom-politickom-diskursu","status":"publish","type":"post","link":"https:\/\/suvremene-teme.vern.hr\/en\/koristenje-drustvenih-mreza-u-hrvatskom-politickom-diskursu\/","title":{"rendered":"Kori\u0161tenje dru\u0161tvenih mre\u017ea u hrvatskom politi\u010dkom diskursu"},"content":{"rendered":"<p>Prethodno priop\u0107enje: <a href=\"https:\/\/doi.org\/10.46917\/st.15.1.5\">https:\/\/doi.org\/10.46917\/st.15.1.5<\/a><\/p>\n\n\n\n<p>Ovaj rad ispituje koliko i kako najpra\u0107eniji politi\u010dari u Hrvatskoj koriste dru\u0161tvene mre\u017ee i kakve su navike i stav gra\u0111ana o njihovoj online komunikaciji. Anketa provedena u suradnji s kompanijom Valicon pokazala je kako ve\u0107ina ispitanika (67,1 % od njih 608) smatra da hrvatski politi\u010dari trebaju biti prisutni na dru\u0161tvenim mre\u017eama. Me\u0111utim, unato\u010d tome, ve\u0107ina ispitanika (77 %) ne prati politi\u010dare putem dru\u0161tvenih mre\u017ea. Oni ispitanici koji prate politi\u010dare na dru\u0161tvenim mre\u017eama to naj\u010de\u0161\u0107e rade na X-u (Twitteru) i Facebooku, a najvi\u0161e prate Zorana Milanovi\u0107a (47,6 %) te Andreja Plenkovi\u0107a (23,5 %). U drugom dijelu istra\u017eivanja, prikazana je analiza komunikacije na Facebooku, X-u (Twitteru), Instagramu i YouTubeu dvaju najpra\u0107enijih politi\u010dara. Plenkovi\u0107 je aktivniji na sve \u010detiri analizirane dru\u0161tvene mre\u017ee te na njima redovito objavljuje sadr\u017eaj, dok je Milanovi\u0107 manje aktivan te objavljuje samo na Facebooku i Instagramu, ali ima ve\u0107u popularnost (broj pratitelja i anga\u017eman pratitelja) u odnosu na Plenkovi\u0107a na svim mre\u017eama, osim na X-u (Twitteru).<\/p>\n\n\n\n<p><a href=\"https:\/\/suvremene-teme.vern.hr\/wp-content\/uploads\/2024\/12\/ST-2024_Koristenje-drustvenih-mreza-u-hrvatskom-politickom-diskursu.pdf\">Full article<\/a><\/p>\n\n\n\n<p><\/p>","protected":false},"excerpt":{"rendered":"<p>Prethodno priop\u0107enje: https:\/\/doi.org\/10.46917\/st.15.1.5 Ovaj rad ispituje koliko i kako najpra\u0107eniji politi\u010dari u Hrvatskoj koriste dru\u0161tvene mre\u017ee i kakve su navike i stav gra\u0111ana o njihovoj online komunikaciji. Anketa provedena u suradnji s kompanijom Valicon pokazala je kako ve\u0107ina ispitanika (67,1 % od njih 608) smatra da hrvatski politi\u010dari trebaju biti prisutni na dru\u0161tvenim mre\u017eama. Me\u0111utim,&#8230;<\/p>","protected":false},"author":5,"featured_media":0,"comment_status":"open","ping_status":"open","sticky":false,"template":"","format":"standard","meta":{"_kad_post_transparent":"","_kad_post_title":"","_kad_post_layout":"","_kad_post_sidebar_id":"","_kad_post_content_style":"","_kad_post_vertical_padding":"","_kad_post_feature":"","_kad_post_feature_position":"","_kad_post_header":false,"_kad_post_footer":false,"_kad_post_classname":"","footnotes":""},"categories":[649],"tags":[663,615,660,661,662],"coauthors":[590],"class_list":["post-1397","post","type-post","status-publish","format-standard","hentry","category-649","tag-andrej-plenkovic","tag-drustvene-mreze","tag-politicka-komunikacija-u-hrvatskoj","tag-politicki-diskurs","tag-zoran-milanovic"],"_links":{"self":[{"href":"https:\/\/suvremene-teme.vern.hr\/en\/wp-json\/wp\/v2\/posts\/1397","targetHints":{"allow":["GET"]}}],"collection":[{"href":"https:\/\/suvremene-teme.vern.hr\/en\/wp-json\/wp\/v2\/posts"}],"about":[{"href":"https:\/\/suvremene-teme.vern.hr\/en\/wp-json\/wp\/v2\/types\/post"}],"author":[{"embeddable":true,"href":"https:\/\/suvremene-teme.vern.hr\/en\/wp-json\/wp\/v2\/users\/5"}],"replies":[{"embeddable":true,"href":"https:\/\/suvremene-teme.vern.hr\/en\/wp-json\/wp\/v2\/comments?post=1397"}],"version-history":[{"count":3,"href":"https:\/\/suvremene-teme.vern.hr\/en\/wp-json\/wp\/v2\/posts\/1397\/revisions"}],"predecessor-version":[{"id":1434,"href":"https:\/\/suvremene-teme.vern.hr\/en\/wp-json\/wp\/v2\/posts\/1397\/revisions\/1434"}],"wp:attachment":[{"href":"https:\/\/suvremene-teme.vern.hr\/en\/wp-json\/wp\/v2\/media?parent=1397"}],"wp:term":[{"taxonomy":"category","embeddable":true,"href":"https:\/\/suvremene-teme.vern.hr\/en\/wp-json\/wp\/v2\/categories?post=1397"},{"taxonomy":"post_tag","embeddable":true,"href":"https:\/\/suvremene-teme.vern.hr\/en\/wp-json\/wp\/v2\/tags?post=1397"},{"taxonomy":"author","embeddable":true,"href":"https:\/\/suvremene-teme.vern.hr\/en\/wp-json\/wp\/v2\/coauthors?post=1397"}],"curies":[{"name":"wp","href":"https:\/\/api.w.org\/{rel}","templated":true}]}}