{"id":1388,"date":"2024-12-19T10:56:01","date_gmt":"2024-12-19T10:56:01","guid":{"rendered":"https:\/\/suvremene-teme.vern.hr\/?p=1388"},"modified":"2024-12-29T18:53:25","modified_gmt":"2024-12-29T18:53:25","slug":"percepcija-eurovizije-kao-politicko-zabavnog-dogadajamedu-mladima","status":"publish","type":"post","link":"https:\/\/suvremene-teme.vern.hr\/en\/percepcija-eurovizije-kao-politicko-zabavnog-dogadajamedu-mladima\/","title":{"rendered":"Percepcija Eurovizije kao politi\u010dko-zabavnog doga\u0111aja me\u0111u mladima"},"content":{"rendered":"<p>Pregledni rad: <a href=\"https:\/\/doi.org\/10.46917\/st.15.1.7\">https:\/\/doi.org\/10.46917\/st.15.1.7<\/a><\/p>\n\n\n\n<p>Eurovizija je zapo\u010dela kao natjecanje u pjevanju \u010diji je cilj bio povezati i ujediniti zemlje koje u njemu sudjeluju. Kao takvo, natjecanje je zami\u0161ljeno kao apoliti\u010dno. Me\u0111utim, u posljednjih deset godina, vidi se zna\u010dajan pomak u percepciji toga \u0161to se smatra pjesmom u duhu Eurovizije i koliko poruka pjesme postaje va\u017ena. Ta je razlika postala o\u010digledna u velikoj razlici izme\u0111u rezultata ocjenjivanja \u017eirija i publike. Svrha ovoga rada je prikazati kako se Eurovizija kao natjecanje razvila do danas i koji su to politi\u010dki i dru\u0161tveni faktori utjecali na to, a cilj istra\u017eivanja je ispitati kakav pogled mladi imaju na Euroviziju, \u0161to oni smatraju njezinim najva\u017enijim aspektom; zabavu, politiku ili ne\u0161to posve drugo. Istra\u017eivanje putem online upitnika pokazalo je da mladi doista pridaju politici vi\u0161e zna\u010denja nego starije generacije, ali da i na Euroviziju prvenstveno gledaju kao na zabavni event s prete\u017eno pozitivnom konotacijom. S obzirom na manjak istra\u017eivanja koja se bave Eurovizijom i koja su provedena online, bilo bi po\u017eeljno kada bi se sli\u010dna istra\u017eivanja provela na jo\u0161 ve\u0107em uzorku kako bi se pomnije prou\u010dila razlika u rodnoj opredijeljenosti ispitanika koji su bili dio istra\u017eivanja online i na eventima u\u017eivo.<\/p>\n\n\n\n<p><a href=\"https:\/\/suvremene-teme.vern.hr\/wp-content\/uploads\/2024\/12\/ST-2024_Percepcija-Eurovizije-kao-politicko-zabavnog-dogadjaja_.pdf\">Full article<\/a><\/p>","protected":false},"excerpt":{"rendered":"<p>Pregledni rad: https:\/\/doi.org\/10.46917\/st.15.1.7 Eurovizija je zapo\u010dela kao natjecanje u pjevanju \u010diji je cilj bio povezati i ujediniti zemlje koje u njemu sudjeluju. Kao takvo, natjecanje je zami\u0161ljeno kao apoliti\u010dno. Me\u0111utim, u posljednjih deset godina, vidi se zna\u010dajan pomak u percepciji toga \u0161to se smatra pjesmom u duhu Eurovizije i koliko poruka pjesme postaje va\u017ena. Ta&#8230;<\/p>","protected":false},"author":5,"featured_media":0,"comment_status":"open","ping_status":"open","sticky":false,"template":"","format":"standard","meta":{"_kad_post_transparent":"","_kad_post_title":"","_kad_post_layout":"","_kad_post_sidebar_id":"","_kad_post_content_style":"","_kad_post_vertical_padding":"","_kad_post_feature":"","_kad_post_feature_position":"","_kad_post_header":false,"_kad_post_footer":false,"_kad_post_classname":"","footnotes":""},"categories":[649],"tags":[654,655,186,656],"coauthors":[590],"class_list":["post-1388","post","type-post","status-publish","format-standard","hentry","category-649","tag-eurovizija","tag-percepcija","tag-politika","tag-zabava"],"_links":{"self":[{"href":"https:\/\/suvremene-teme.vern.hr\/en\/wp-json\/wp\/v2\/posts\/1388","targetHints":{"allow":["GET"]}}],"collection":[{"href":"https:\/\/suvremene-teme.vern.hr\/en\/wp-json\/wp\/v2\/posts"}],"about":[{"href":"https:\/\/suvremene-teme.vern.hr\/en\/wp-json\/wp\/v2\/types\/post"}],"author":[{"embeddable":true,"href":"https:\/\/suvremene-teme.vern.hr\/en\/wp-json\/wp\/v2\/users\/5"}],"replies":[{"embeddable":true,"href":"https:\/\/suvremene-teme.vern.hr\/en\/wp-json\/wp\/v2\/comments?post=1388"}],"version-history":[{"count":3,"href":"https:\/\/suvremene-teme.vern.hr\/en\/wp-json\/wp\/v2\/posts\/1388\/revisions"}],"predecessor-version":[{"id":1426,"href":"https:\/\/suvremene-teme.vern.hr\/en\/wp-json\/wp\/v2\/posts\/1388\/revisions\/1426"}],"wp:attachment":[{"href":"https:\/\/suvremene-teme.vern.hr\/en\/wp-json\/wp\/v2\/media?parent=1388"}],"wp:term":[{"taxonomy":"category","embeddable":true,"href":"https:\/\/suvremene-teme.vern.hr\/en\/wp-json\/wp\/v2\/categories?post=1388"},{"taxonomy":"post_tag","embeddable":true,"href":"https:\/\/suvremene-teme.vern.hr\/en\/wp-json\/wp\/v2\/tags?post=1388"},{"taxonomy":"author","embeddable":true,"href":"https:\/\/suvremene-teme.vern.hr\/en\/wp-json\/wp\/v2\/coauthors?post=1388"}],"curies":[{"name":"wp","href":"https:\/\/api.w.org\/{rel}","templated":true}]}}