{"id":1224,"date":"2022-12-27T10:43:00","date_gmt":"2022-12-27T10:43:00","guid":{"rendered":"https:\/\/suvremene-teme.vern.hr\/?p=1224"},"modified":"2022-12-28T12:29:46","modified_gmt":"2022-12-28T12:29:46","slug":"studentska-percepcija-karizmaticnih-osoba-u-republici-hrvatskoj","status":"publish","type":"post","link":"https:\/\/suvremene-teme.vern.hr\/en\/studentska-percepcija-karizmaticnih-osoba-u-republici-hrvatskoj\/","title":{"rendered":"<strong>Studentska percepcija karizmati\u010dnih osoba u Republici Hrvatskoj<\/strong>"},"content":{"rendered":"<p>Prethodno priop\u0107enje: <a href=\"https:\/\/doi.org\/10.46917\/st.13.1.6\">https:\/\/doi.org\/10.46917\/st.13.1.6<\/a><\/p>\n\n\n\n<p>Za stru\u010dnost, kao najva\u017eniju i najcjenjeniju osobinu dobroga govornika, mo\u017ee se re\u0107i da je i danas jednako va\u017ena kao i u anti\u010dko doba. Jo\u0161 je Ciceron govorio kako dobar govornik mora biti mudar, posjedovati \u0161iroko znanje i visoku razinu op\u0107e kulture. I suvremeni autori nagla\u0161avaju va\u017enost stru\u010dnosti, kompetencije i znanja, kao primarnih, uz dodatke jo\u0161 nekih specifi\u010dnih odrednica poput uvjerljivosti, \u010dasti i karizme. Cilj ovoga istra\u017eivanja bio je ustanoviti kako pojam karizme do\u017eivljavaju studenti, kako ga definiraju i koju osobu percipiraju kao karizmati\u010dnu. Odabrani su studenti sa studija Odnosa s javno\u0161\u0107u i studija medija na kojem se obrazuju stru\u010dnjaci za odnose s javno\u0161\u0107u, osvije\u0161teni i educirani za prepoznavanje i najmanjih tragova iznimnih karizmati\u010dnih darova u svakom pojedincu.<\/p>\n\n\n\n<p><a href=\"https:\/\/suvremene-teme.vern.hr\/wp-content\/uploads\/2022\/12\/ST-2022_Studentska-percepcija-karizmaticnih-osoba-u-Republici-Hrvatskoj.pdf\">Full article<\/a><\/p>","protected":false},"excerpt":{"rendered":"<p>Prethodno priop\u0107enje: https:\/\/doi.org\/10.46917\/st.13.1.6 Za stru\u010dnost, kao najva\u017eniju i najcjenjeniju osobinu dobroga govornika, mo\u017ee se re\u0107i da je i danas jednako va\u017ena kao i u anti\u010dko doba. Jo\u0161 je Ciceron govorio kako dobar govornik mora biti mudar, posjedovati \u0161iroko znanje i visoku razinu op\u0107e kulture. I suvremeni autori nagla\u0161avaju va\u017enost stru\u010dnosti, kompetencije i znanja, kao primarnih,&#8230;<\/p>","protected":false},"author":5,"featured_media":0,"comment_status":"open","ping_status":"open","sticky":false,"template":"","format":"standard","meta":{"_kad_post_transparent":"","_kad_post_title":"","_kad_post_layout":"","_kad_post_sidebar_id":"","_kad_post_content_style":"","_kad_post_vertical_padding":"","_kad_post_feature":"","_kad_post_feature_position":"","_kad_post_header":false,"_kad_post_footer":false,"_kad_post_classname":"","footnotes":""},"categories":[588],"tags":[593,592,80,591,594],"coauthors":[49],"class_list":["post-1224","post","type-post","status-publish","format-standard","hentry","category-588","tag-javne-osobe","tag-karizma","tag-odnosi-s-javnoscu","tag-studenti","tag-znacenje"],"_links":{"self":[{"href":"https:\/\/suvremene-teme.vern.hr\/en\/wp-json\/wp\/v2\/posts\/1224","targetHints":{"allow":["GET"]}}],"collection":[{"href":"https:\/\/suvremene-teme.vern.hr\/en\/wp-json\/wp\/v2\/posts"}],"about":[{"href":"https:\/\/suvremene-teme.vern.hr\/en\/wp-json\/wp\/v2\/types\/post"}],"author":[{"embeddable":true,"href":"https:\/\/suvremene-teme.vern.hr\/en\/wp-json\/wp\/v2\/users\/5"}],"replies":[{"embeddable":true,"href":"https:\/\/suvremene-teme.vern.hr\/en\/wp-json\/wp\/v2\/comments?post=1224"}],"version-history":[{"count":3,"href":"https:\/\/suvremene-teme.vern.hr\/en\/wp-json\/wp\/v2\/posts\/1224\/revisions"}],"predecessor-version":[{"id":1296,"href":"https:\/\/suvremene-teme.vern.hr\/en\/wp-json\/wp\/v2\/posts\/1224\/revisions\/1296"}],"wp:attachment":[{"href":"https:\/\/suvremene-teme.vern.hr\/en\/wp-json\/wp\/v2\/media?parent=1224"}],"wp:term":[{"taxonomy":"category","embeddable":true,"href":"https:\/\/suvremene-teme.vern.hr\/en\/wp-json\/wp\/v2\/categories?post=1224"},{"taxonomy":"post_tag","embeddable":true,"href":"https:\/\/suvremene-teme.vern.hr\/en\/wp-json\/wp\/v2\/tags?post=1224"},{"taxonomy":"author","embeddable":true,"href":"https:\/\/suvremene-teme.vern.hr\/en\/wp-json\/wp\/v2\/coauthors?post=1224"}],"curies":[{"name":"wp","href":"https:\/\/api.w.org\/{rel}","templated":true}]}}